{"id":721,"date":"2015-12-18T21:17:12","date_gmt":"2015-12-18T20:17:12","guid":{"rendered":"http:\/\/www.vrabek.de\/design\/?p=721"},"modified":"2015-12-18T21:34:47","modified_gmt":"2015-12-18T20:34:47","slug":"ausuebung-zum-kriterium-der-regionalitaet-bezueglich-der-kontextuellen-logik","status":"publish","type":"post","link":"http:\/\/www.vrabek.de\/design\/2015\/12\/18\/ausuebung-zum-kriterium-der-regionalitaet-bezueglich-der-kontextuellen-logik\/","title":{"rendered":"Aus\u00fcbung > Zum Kriterium der \u00bbRegionalit\u00e4t\u00ab bez\u00fcglich der kontextuellen Logik"},"content":{"rendered":"<p><svg xmlns=\"http:\/\/www.w3.org\/2000\/svg\" style=\"margin:0 0 -8px 0\" width=\"60px\" height=\"30px\"><image xlink:href=\"http:\/\/www.vrabek.de\/design\/wp-content\/uploads\/2015\/12\/i_situativ.svg\" src=\"\" width=\"60px\" height=\"30px\" alt=\"situatives Potential\"  \/><\/svg> Die wiederholte Aus\u00fcbung von kontextbezogenen Interaktionen f\u00fchrt zu einer Koppelung von Erfahrung und Lebensraum. Sogar solche Menschen, die ein modernes Nomadentum betreiben, schaffen um sich herum eine bestimmte Sph\u00e4re. Dieser Raum ist personenbezogen und kann mit verschiedenen Utensilien angereichert sein. Bez\u00fcglich der Medien mit kontextueller Logik, die f\u00fcr viele Menschen zur Reaktivation zur Verf\u00fcgung stehen, ist jedoch weniger die personenbezogene, als vielmehr die ortsbezogene, die regionale Atmosph\u00e4re zu thematisieren. Je nach kultureller Lebensweise sind hierbei auch \u00dcberschneidungen oder Grenzziehungen zwischen dem privaten Wohnraum und dem \u00f6ffentlichen Raum feststellbar. F\u00fcr die Entfaltung von Lebensqualit\u00e4t ist es erstens wichtig, im Lebenskontext Resonanz f\u00fcr die eigene Erfahrung zu finden sowie diese wiederum in den Kontext einbringen zu k\u00f6nnen. Zweitens wird es bei Ortswechseln, dem Reisen oder Umziehen, erforderlich, sich auf einen andersartigen Kontext einstellen zu k\u00f6nnen. Bei privaten Besuchen ist die jeweils vorhandene kontextuelle Logik des Wohnraums zu beachten. Ebenso sind bei der Reaktivation von kontextuellen Medien ihre regionalen Auspr\u00e4gungen zu respektieren und wirken somit bedingend auf die Erfahrung ein. Die Empfindung des Grads dieser Bedingtheit variiert mit der F\u00e4higkeit, die verschiedenen Regionen nach ihrer Eigenart differenzieren, das Verhalten darauf abstimmen und ihre vielf\u00e4ltigen Auspr\u00e4gungen akzeptieren zu k\u00f6nnen. Die \u00e4sthetische Erfahrung von Heimat ist nicht mehr nur an einem einzigen Ort festzumachen, sondern kann sich auf verschiedene, vertraut gewordenen und lieb gewonnene Gebiete beziehen. Diese sollten voneinander zu unterscheiden sein. Das zugeh\u00f6rige Kriterium ist daher mit dem Begriff der Regionalit\u00e4t erfassbar.<\/p>\n<p>Das situative Potential von Design kommt dem Kriterium der Regionalit\u00e4t dadurch nach, dass es Angebote bereitstellt, die sich einerseits in eine vorgepr\u00e4gte Region einf\u00fcgen lassen und andererseits geeignet sind eine regionale Charakteristik in Koppelung mit den Erfahrungen der Bewohner auszuformen und weiterzuentwickeln.<\/p>\n<h2>Beispiel f\u00fcr das situative Potential von Design<\/h2>\n<p>Doppeldeckerbusse sind f\u00fcr das Stadtbild von Berlin und London typisch. F\u00fcr Bewohner, als auch f\u00fcr Touristen sind sie ein Erkennungszeichen f\u00fcr die Region in der sie heimisch sind oder die sie gerade besuchen. Weil diese Busse weder behindertengerecht ausgestattet, noch wirtschaftlich im Betrieb sind, sollen sie in naher Zukunft ausgemustert werden. Dieses Vorhaben stie\u00df auf Protest. Nun werden L\u00f6sungen dahingehend entwickelt, den Typ der Busse beizubehalten, aber Fahrwerk und Innenraumgestaltung zu erneuern.<\/p>\n<p>Bewohner von St\u00e4dten mit hohem Anteil alter Geb\u00e4ude, die auch Kriegszeiten \u00fcberstanden haben, lehnen Hochh\u00e4user im Zentrum ab, da diese die regionale Pr\u00e4gung zerst\u00f6ren. Auch die Touristen erwarten das typische Flair von beispielsweise Wien oder Amsterdam. Ebenso verhindert eine beliebig in die Landschaft gesetzte, austauschbare Architektur die Erfahrung einer regionalen Pr\u00e4gung und gibt keinen Anlass, sich f\u00fcr ein Leben dort zu entscheiden oder eine Reise dorthin zu unternehmen. Gerade in l\u00e4ndlichen Regionen und Kleinst\u00e4dten m\u00fcssten Bauvorhaben entsprechend gepr\u00fcft werden, ohne jedoch zu enge Vorschriften wie ein Verbot der Hausbegr\u00fcnung oder eine feste Dachneigung vorzugeben. Insbesondere das Erscheinungsbild der Bauten in Industriegebieten sollten besser aufeinander abgestimmte werden, um auch diesen Regionen eine wieder erkennbare Charakteristik zu verleihen und sie von \u00e4hnlichen Gebieten unterscheidbar zu machen.<\/p>\n<p>Bei der Ausrichtung von Gartenschauen sollten die nat\u00fcrlichen Gegebenheiten einer Region einbezogen werden. So protestierten die B\u00fcrger Frankfurts als ein bisher weitgehend naturbelassenes Naherholungsgebiet nur f\u00fcr den Zeitraum einer Gartenschau v\u00f6llig ver\u00e4ndert wurde und anschlie\u00dfend weniger Attraktivit\u00e4t bot, als zuvor. Als positives Beispiel ist dagegen die Neuplanung des Emscher-Park-Gel\u00e4ndes anzuf\u00fchren.<\/p>\n<p>Die Pflege regionaler Unterschiede und die Erfahrung unter dem Kriterium der Regionalit\u00e4t wird zudem durch die neuen Kommunikationstechnologien vereinfacht. In Zukunft k\u00f6nnen mehr Menschen in den von ihnen bevorzugten Regionen leben und trotzdem in das aktuelle, globale Geschehen eingebunden bleiben. Ein Modellversuch zur Revitalisierung des italienischen Bergdorfes Colletta di Castelbianco setzt diese Vorstellung um, indem jedes Geb\u00e4ude mit einem leistungsstarken Internetanschluss ausgestattet wurde. Dass die Menschen trotz des permanenten Kommunikationsanschlusses weiterhin reisen, sich pers\u00f6nlich treffen usw. hat mit der Erfahrung von Regionalit\u00e4t und dem Wechsel des Lebensgef\u00fchls je nach st\u00e4dtischer oder l\u00e4ndlicher, gebirgiger oder flacher usw. Region zu tun.<\/p>\n","protected":false},"excerpt":{"rendered":"<p>Die wiederholte Aus\u00fcbung von kontextbezogenen Interaktionen f\u00fchrt zu einer Koppelung von Erfahrung und Lebensraum. Sogar solche Menschen, die ein modernes Nomadentum betreiben, schaffen um sich herum eine bestimmte Sph\u00e4re. Dieser Raum ist personenbezogen und kann mit verschiedenen Utensilien angereichert sein.&hellip;  <\/p>\n<p class=\"more-link\"><a href=\"http:\/\/www.vrabek.de\/design\/2015\/12\/18\/ausuebung-zum-kriterium-der-regionalitaet-bezueglich-der-kontextuellen-logik\/\">Continue reading <span class=\"meta-nav\">&rarr;<\/span><\/a><\/p>\n","protected":false},"author":1,"featured_media":448,"comment_status":"closed","ping_status":"open","sticky":false,"template":"","format":"standard","meta":[],"categories":[19,7],"tags":[],"_links":{"self":[{"href":"http:\/\/www.vrabek.de\/design\/wp-json\/wp\/v2\/posts\/721"}],"collection":[{"href":"http:\/\/www.vrabek.de\/design\/wp-json\/wp\/v2\/posts"}],"about":[{"href":"http:\/\/www.vrabek.de\/design\/wp-json\/wp\/v2\/types\/post"}],"author":[{"embeddable":true,"href":"http:\/\/www.vrabek.de\/design\/wp-json\/wp\/v2\/users\/1"}],"replies":[{"embeddable":true,"href":"http:\/\/www.vrabek.de\/design\/wp-json\/wp\/v2\/comments?post=721"}],"version-history":[{"count":2,"href":"http:\/\/www.vrabek.de\/design\/wp-json\/wp\/v2\/posts\/721\/revisions"}],"predecessor-version":[{"id":725,"href":"http:\/\/www.vrabek.de\/design\/wp-json\/wp\/v2\/posts\/721\/revisions\/725"}],"wp:featuredmedia":[{"embeddable":true,"href":"http:\/\/www.vrabek.de\/design\/wp-json\/wp\/v2\/media\/448"}],"wp:attachment":[{"href":"http:\/\/www.vrabek.de\/design\/wp-json\/wp\/v2\/media?parent=721"}],"wp:term":[{"taxonomy":"category","embeddable":true,"href":"http:\/\/www.vrabek.de\/design\/wp-json\/wp\/v2\/categories?post=721"},{"taxonomy":"post_tag","embeddable":true,"href":"http:\/\/www.vrabek.de\/design\/wp-json\/wp\/v2\/tags?post=721"}],"curies":[{"name":"wp","href":"https:\/\/api.w.org\/{rel}","templated":true}]}}