{"id":713,"date":"2015-12-18T20:54:03","date_gmt":"2015-12-18T19:54:03","guid":{"rendered":"http:\/\/www.vrabek.de\/design\/?p=713"},"modified":"2015-12-18T21:43:27","modified_gmt":"2015-12-18T20:43:27","slug":"befaehigung-zum-kriterium-der-vollzugsfaehigkeit-bezueglich-der-organischen-logik","status":"publish","type":"post","link":"http:\/\/www.vrabek.de\/design\/2015\/12\/18\/befaehigung-zum-kriterium-der-vollzugsfaehigkeit-bezueglich-der-organischen-logik\/","title":{"rendered":"Bef\u00e4higung > Zum Kriterium der \u00bbVollzugsf\u00e4higkeit\u00ab bez\u00fcglich der organischen Logik"},"content":{"rendered":"<p><svg xmlns=\"http:\/\/www.w3.org\/2000\/svg\" style=\"margin:0 0 -8px 0\" width=\"60px\" height=\"30px\"><image xlink:href=\"http:\/\/www.vrabek.de\/design\/wp-content\/uploads\/2015\/12\/i_adaptiv.svg\" src=\"\" width=\"60px\" height=\"30px\" alt=\"adaptives Potential\"  \/><\/svg> Die Verf\u00fcgung \u00fcber bestimmte organische Medien kann zwar gegeben sein, trotzdem steht der Subproze\u00df der Bef\u00e4higung noch vor dem Subproze\u00df der endg\u00fcltigen Ausf\u00fchrung, denn ohne Ber\u00fccksichtigung des Kriteriums der Vollzugsf\u00e4higkeit kann der Teilprozess der Reaktivation nicht abschlie\u00dfbar sind. Zeichnen als Medium mit organischer Logik erfordert nicht nur die vergegenw\u00e4rtigende Verf\u00fcgung \u00fcber eine Idee, Zeichenger\u00e4te und das Wissen um deren Bedienung. Denn diese wichtigen Voraussetzungen kommen erst dann im positiven Sinne f\u00fcr die Erfahrung zur Entfaltung, wenn zus\u00e4tzlich das Kriterium der Vollzugsf\u00e4higkeit erf\u00fcllt ist. So muss ein Mensch, um zu zeichnen, momentan in der Lage sein, mit der Hand, dem Mund, dem Fu\u00df einen Stift f\u00fchren oder auch eine Computertastatur, eine Maus oder einen Touchscreen bedienen zu k\u00f6nnen. Jedes der genannten Medien beeinflusst die Erfahrung w\u00e4hrend der Reaktivation unterschiedlich. Doch letztlich bestimmt das Kriterium der momentanen Vollzugsf\u00e4higkeit den Grad der Bedingtheit der Erfahrung durch die Medien, die der organischen Logik unterliegen.<\/p>\n<p>Das adaptive Potential von Design kann dem Kriterium der Vollzugsf\u00e4higkeit dadurch entsprechen, dass die zur Interaktion mittels organischer Medien zus\u00e4tzlich ben\u00f6tigten Ger\u00e4te individuell angepasst sind, ihre Bedienung gut zu erlernen ist und bez\u00fcglich dauerhaften oder tempor\u00e4ren Ver\u00e4nderungen der Vollzugsf\u00e4higkeit dementsprechend neue adaptive L\u00f6sungen entwickelt werden.<\/p>\n<h2>Beispiel f\u00fcr das adaptive Potential von Design<\/h2>\n<p>Ein Werkzeug oder Medium ob einfach oder komplex, das jemand, der nicht gelernt hat damit umzugehen, reaktiviert, entfaltet eine st\u00e4rkere Eigendynamik, als wenn es mit der entsprechenden Vollzugsf\u00e4higkeit gehandhabt wird. Wenn ein Kind zum ersten Mal mit Buntstiften zeichnet, bleibt oft unentscheidbar, ob die Hand den Stift f\u00fchrt oder die von Papier gebremsten Bewegungen des Stifts die Hand steuern. Ebenso muss die Vollzugsf\u00e4higkeit bez\u00fcglich der Handhabung von Computerprogrammen entwickelt werden. Hinsichtlich der Beobachtung einer Interaktion mit Schwerpunkt auf Medien mit organischer Logik unterscheiden sich Stift oder Pinsel nicht prinzipiell von Computern. Kleinkinder lernen ebenso leicht ein Bild mit Fingerfarben oder mit einem Touchscreen zu malen.<\/p>\n<p>Dem Kriterium der Vollzugsf\u00e4higkeit gerecht werdend kann das Gelingen einer beabsichtigten Interaktion beispielsweise durch die Entwicklung von Software mit besonderer Ber\u00fccksichtigung des adaptiven Potentials von Design erleichtert werden. Hieraus ergibt sich die noch unausgesch\u00f6pfte Chance, nicht nur k\u00f6rperliche, sondern auch geistige Behinderungen, die der durchschnittlich entwickelten Vollzugsf\u00e4higkeit bei leichten Aufgaben im Wege stehen, ausgleichen zu k\u00f6nnen. In diesem Zusammenhang ist darauf zu verweisen, dass gerade geistig Behinderte sehr gerne mit dem Computer arbeiten (vgl. Zopfi, in: Die Zeit Nr. 15, 1997, S. 78).<\/p>\n<p>Eine vor\u00fcbergehende k\u00f6rperliche Beeintr\u00e4chtigung der momentanen Vollzugsf\u00e4higkeit bez\u00fcglich dem Radfahren als schwerpunktm\u00e4\u00dfig durch die organische Logik bedingten Medium, gleicht zum Beispiel das von Claus Dietel entwickelte Fahrrad mit abnehmbaren Zusatzmotor aus.<\/p>\n","protected":false},"excerpt":{"rendered":"<p>Die Verf\u00fcgung \u00fcber bestimmte organische Medien kann zwar gegeben sein, trotzdem steht der Subproze\u00df der Bef\u00e4higung noch vor dem Subproze\u00df der endg\u00fcltigen Ausf\u00fchrung, denn ohne Ber\u00fccksichtigung des Kriteriums der Vollzugsf\u00e4higkeit kann der Teilprozess der Reaktivation nicht abschlie\u00dfbar sind. Zeichnen als&hellip;  <\/p>\n<p class=\"more-link\"><a href=\"http:\/\/www.vrabek.de\/design\/2015\/12\/18\/befaehigung-zum-kriterium-der-vollzugsfaehigkeit-bezueglich-der-organischen-logik\/\">Continue reading <span class=\"meta-nav\">&rarr;<\/span><\/a><\/p>\n","protected":false},"author":1,"featured_media":429,"comment_status":"closed","ping_status":"open","sticky":false,"template":"","format":"standard","meta":[],"categories":[7,18],"tags":[],"_links":{"self":[{"href":"http:\/\/www.vrabek.de\/design\/wp-json\/wp\/v2\/posts\/713"}],"collection":[{"href":"http:\/\/www.vrabek.de\/design\/wp-json\/wp\/v2\/posts"}],"about":[{"href":"http:\/\/www.vrabek.de\/design\/wp-json\/wp\/v2\/types\/post"}],"author":[{"embeddable":true,"href":"http:\/\/www.vrabek.de\/design\/wp-json\/wp\/v2\/users\/1"}],"replies":[{"embeddable":true,"href":"http:\/\/www.vrabek.de\/design\/wp-json\/wp\/v2\/comments?post=713"}],"version-history":[{"count":3,"href":"http:\/\/www.vrabek.de\/design\/wp-json\/wp\/v2\/posts\/713\/revisions"}],"predecessor-version":[{"id":733,"href":"http:\/\/www.vrabek.de\/design\/wp-json\/wp\/v2\/posts\/713\/revisions\/733"}],"wp:featuredmedia":[{"embeddable":true,"href":"http:\/\/www.vrabek.de\/design\/wp-json\/wp\/v2\/media\/429"}],"wp:attachment":[{"href":"http:\/\/www.vrabek.de\/design\/wp-json\/wp\/v2\/media?parent=713"}],"wp:term":[{"taxonomy":"category","embeddable":true,"href":"http:\/\/www.vrabek.de\/design\/wp-json\/wp\/v2\/categories?post=713"},{"taxonomy":"post_tag","embeddable":true,"href":"http:\/\/www.vrabek.de\/design\/wp-json\/wp\/v2\/tags?post=713"}],"curies":[{"name":"wp","href":"https:\/\/api.w.org\/{rel}","templated":true}]}}